{"id":4058,"date":"2021-04-07T18:16:20","date_gmt":"2021-04-07T23:16:20","guid":{"rendered":"https:\/\/news.djcity.com\/latino\/?p=4058"},"modified":"2021-04-07T18:21:56","modified_gmt":"2021-04-07T23:21:56","slug":"djcity-latino-y-loca-urban-desde-ibiza-episodio-2","status":"publish","type":"post","link":"https:\/\/news.djcity.com\/latino\/djcity-latino-y-loca-urban-desde-ibiza-episodio-2\/","title":{"rendered":"DJcity Latino y Loca Urban Desde Ibiza: Episodio 2"},"content":{"rendered":"<p>&nbsp;<\/p>\n<p><img loading=\"lazy\" decoding=\"async\" class=\"aligncenter wp-image-4059\" src=\"https:\/\/news.djcity.com\/latino\/wp-content\/sites\/4\/DT-NEWS-flyer-DJCITY-LOCA-URBAN-ADRIAN-L.png\" alt=\"\" width=\"600\" height=\"315\" srcset=\"https:\/\/news.djcity.com\/latino\/wp-content\/sites\/4\/DT-NEWS-flyer-DJCITY-LOCA-URBAN-ADRIAN-L.png 1200w, https:\/\/news.djcity.com\/latino\/wp-content\/sites\/4\/DT-NEWS-flyer-DJCITY-LOCA-URBAN-ADRIAN-L-300x158.png 300w, https:\/\/news.djcity.com\/latino\/wp-content\/sites\/4\/DT-NEWS-flyer-DJCITY-LOCA-URBAN-ADRIAN-L-1024x538.png 1024w\" sizes=\"auto, (max-width: 600px) 100vw, 600px\" \/><\/p>\n<p>Sintoniza el programa DJCITY LATINO, la plataforma de DJs m\u00e1s importante del mundo, en la emisora espa\u00f1ola de cobertura nacional <a href=\"https:\/\/instagram.com\/loca_urbanfm\">LOCA URBAN.<\/a><\/p>\n<p>Cada Jueves, de 22H a 23H CET<\/p>\n<p>13-14 H M\u00e9xico<\/p>\n<p>14-15 H Colombia<\/p>\n<p>16-17 H Chile<\/p>\n<p>En este episodio contamos con <a href=\"https:\/\/www.instagram.com\/djadrianl\/\">Adri\u00e1n L,<\/a> es un DJ madrile\u00f1o con m\u00e1s de 15 a\u00f1os de experiencia en el mundo de la m\u00fasica. Especializado en la m\u00fasica Urbana: Reggaeton, Dembow, Trap, Hip Hop, Afrotrap, Funk Brasile\u00f1o, Holand\u00e9s. En la actualidad es: Director Musical en la emisora l\u00edder en Espa\u00f1a de m\u00fasica urbana, Loca Urban FM. Radio\/DJ de su programa \u00abLa Limo\u00bb en dicha emisora. Residente de las salas m\u00e1s importantes de Madrid: Opium Madrid, Bling Bling Madrid (Jefe de cabina durante 2 a\u00f1os), Kumarah y residente de la fiesta universitaria m\u00e1s grande de Espa\u00f1a desde hace 7 a\u00f1os, Universiparty en una de las salas m\u00e1s grandes del mundo, Fabrik. Ha actuado en la mayor\u00eda de las salas de Madrid y en las mejores de Espa\u00f1a como Pacha Ibiza, Privilege Ibiza, Swag Ibiza, Bora Bora Barcelona, Bacarra Gandia&#8230; Ha actuado en dichas salas con artistas de la talla de Lunay, Chimbala, La Nueva Escuela (Superkenny), Chencho (del duo Plan B), Atomic, Bulova, Ana Mena, Maikel de la Calle, De La Ghuetto.<\/p>\n<p class=\"p1\"><strong><span class=\"s1\">Relacionado: <\/span><a href=\"https:\/\/news.djcity.com\/latino\/djcity-latino-comienza-el-programa-nacional-en-loca-urban-desde-ibiza\/\">DJcity Latino Comienza El Programa Nacional En Loca Urban Desde Ibiza<\/a><\/strong><\/p>\n","protected":false},"excerpt":{"rendered":"<p>&nbsp; Sintoniza el programa DJCITY LATINO, la plataforma de DJs m\u00e1s importante del mundo, en la emisora espa\u00f1ola de cobertura nacional LOCA URBAN. Cada Jueves, <a href=\"https:\/\/news.djcity.com\/latino\/djcity-latino-y-loca-urban-desde-ibiza-episodio-2\/\" class=\"more-link\">&#8230;<\/a><\/p>\n","protected":false},"author":34,"featured_media":4059,"comment_status":"open","ping_status":"closed","sticky":false,"template":"","format":"standard","meta":{"_exactmetrics_skip_tracking":false,"_exactmetrics_sitenote_active":false,"_exactmetrics_sitenote_note":"","_exactmetrics_sitenote_category":0,"footnotes":""},"categories":[8],"tags":[315,310],"class_list":["post-4058","post","type-post","status-publish","format-standard","has-post-thumbnail","hentry","category-mixes","tag-adrian-l","tag-loca-urban-ibiza"],"yoast_head":"<!-- This site is optimized with the Yoast SEO plugin v27.5 - https:\/\/yoast.com\/product\/yoast-seo-wordpress\/ -->\n<title>DJcity Latino y Loca Urban Desde Ibiza: Episodio 2<\/title>\n<meta name=\"robots\" content=\"index, follow, max-snippet:-1, max-image-preview:large, max-video-preview:-1\" \/>\n<link rel=\"canonical\" href=\"https:\/\/news.djcity.com\/latino\/djcity-latino-y-loca-urban-desde-ibiza-episodio-2\/\" \/>\n<meta property=\"og:locale\" content=\"es_ES\" \/>\n<meta property=\"og:type\" content=\"article\" \/>\n<meta property=\"og:title\" content=\"DJcity Latino y Loca Urban Desde Ibiza: Episodio 2\" \/>\n<meta property=\"og:description\" content=\"&nbsp; Sintoniza el programa DJCITY LATINO, la plataforma de DJs m\u00e1s importante del mundo, en la emisora espa\u00f1ola de cobertura nacional LOCA URBAN. Cada Jueves, ...\" \/>\n<meta property=\"og:url\" content=\"https:\/\/news.djcity.com\/latino\/djcity-latino-y-loca-urban-desde-ibiza-episodio-2\/\" \/>\n<meta property=\"og:site_name\" content=\"DJcity Latino Noticias - M\u00fasica y novedades para DJs y productores\" \/>\n<meta property=\"article:publisher\" content=\"https:\/\/www.facebook.com\/DJcityLatino\/\" \/>\n<meta property=\"article:published_time\" content=\"2021-04-07T23:16:20+00:00\" \/>\n<meta property=\"article:modified_time\" content=\"2021-04-07T23:21:56+00:00\" \/>\n<meta property=\"og:image\" content=\"https:\/\/news.djcity.com\/latino\/wp-content\/sites\/4\/DT-NEWS-flyer-DJCITY-LOCA-URBAN-ADRIAN-L.png\" \/>\n\t<meta property=\"og:image:width\" content=\"1200\" \/>\n\t<meta property=\"og:image:height\" content=\"630\" \/>\n\t<meta property=\"og:image:type\" content=\"image\/png\" \/>\n<meta name=\"author\" content=\"VLATZ\" \/>\n<meta name=\"twitter:card\" content=\"summary_large_image\" \/>\n<meta name=\"twitter:creator\" content=\"@djcitylatin\" \/>\n<meta name=\"twitter:site\" content=\"@djcitylatin\" \/>\n<meta name=\"twitter:label1\" content=\"Escrito por\" \/>\n\t<meta name=\"twitter:data1\" content=\"VLATZ\" \/>\n\t<meta name=\"twitter:label2\" content=\"Tiempo de lectura\" \/>\n\t<meta name=\"twitter:data2\" content=\"1 minuto\" \/>\n<script type=\"application\/ld+json\" class=\"yoast-schema-graph\">{\"@context\":\"https:\\\/\\\/schema.org\",\"@graph\":[{\"@type\":\"Article\",\"@id\":\"https:\\\/\\\/news.djcity.com\\\/latino\\\/djcity-latino-y-loca-urban-desde-ibiza-episodio-2\\\/#article\",\"isPartOf\":{\"@id\":\"https:\\\/\\\/news.djcity.com\\\/latino\\\/djcity-latino-y-loca-urban-desde-ibiza-episodio-2\\\/\"},\"author\":{\"name\":\"VLATZ\",\"@id\":\"https:\\\/\\\/news.djcity.com\\\/latino\\\/#\\\/schema\\\/person\\\/5fc650d633b37d7766308dd1dc9de0d7\"},\"headline\":\"DJcity Latino y Loca Urban Desde Ibiza: Episodio 2\",\"datePublished\":\"2021-04-07T23:16:20+00:00\",\"dateModified\":\"2021-04-07T23:21:56+00:00\",\"mainEntityOfPage\":{\"@id\":\"https:\\\/\\\/news.djcity.com\\\/latino\\\/djcity-latino-y-loca-urban-desde-ibiza-episodio-2\\\/\"},\"wordCount\":250,\"commentCount\":0,\"image\":{\"@id\":\"https:\\\/\\\/news.djcity.com\\\/latino\\\/djcity-latino-y-loca-urban-desde-ibiza-episodio-2\\\/#primaryimage\"},\"thumbnailUrl\":\"https:\\\/\\\/news.djcity.com\\\/latino\\\/wp-content\\\/sites\\\/4\\\/DT-NEWS-flyer-DJCITY-LOCA-URBAN-ADRIAN-L.png\",\"keywords\":[\"Adri\u00e1n L\",\"Loca Urban Ibiza\"],\"articleSection\":[\"Mixes\"],\"inLanguage\":\"es\",\"potentialAction\":[{\"@type\":\"CommentAction\",\"name\":\"Comment\",\"target\":[\"https:\\\/\\\/news.djcity.com\\\/latino\\\/djcity-latino-y-loca-urban-desde-ibiza-episodio-2\\\/#respond\"]}]},{\"@type\":\"WebPage\",\"@id\":\"https:\\\/\\\/news.djcity.com\\\/latino\\\/djcity-latino-y-loca-urban-desde-ibiza-episodio-2\\\/\",\"url\":\"https:\\\/\\\/news.djcity.com\\\/latino\\\/djcity-latino-y-loca-urban-desde-ibiza-episodio-2\\\/\",\"name\":\"DJcity Latino y Loca Urban Desde Ibiza: Episodio 2\",\"isPartOf\":{\"@id\":\"https:\\\/\\\/news.djcity.com\\\/latino\\\/#website\"},\"primaryImageOfPage\":{\"@id\":\"https:\\\/\\\/news.djcity.com\\\/latino\\\/djcity-latino-y-loca-urban-desde-ibiza-episodio-2\\\/#primaryimage\"},\"image\":{\"@id\":\"https:\\\/\\\/news.djcity.com\\\/latino\\\/djcity-latino-y-loca-urban-desde-ibiza-episodio-2\\\/#primaryimage\"},\"thumbnailUrl\":\"https:\\\/\\\/news.djcity.com\\\/latino\\\/wp-content\\\/sites\\\/4\\\/DT-NEWS-flyer-DJCITY-LOCA-URBAN-ADRIAN-L.png\",\"datePublished\":\"2021-04-07T23:16:20+00:00\",\"dateModified\":\"2021-04-07T23:21:56+00:00\",\"author\":{\"@id\":\"https:\\\/\\\/news.djcity.com\\\/latino\\\/#\\\/schema\\\/person\\\/5fc650d633b37d7766308dd1dc9de0d7\"},\"breadcrumb\":{\"@id\":\"https:\\\/\\\/news.djcity.com\\\/latino\\\/djcity-latino-y-loca-urban-desde-ibiza-episodio-2\\\/#breadcrumb\"},\"inLanguage\":\"es\",\"potentialAction\":[{\"@type\":\"ReadAction\",\"target\":[\"https:\\\/\\\/news.djcity.com\\\/latino\\\/djcity-latino-y-loca-urban-desde-ibiza-episodio-2\\\/\"]}]},{\"@type\":\"ImageObject\",\"inLanguage\":\"es\",\"@id\":\"https:\\\/\\\/news.djcity.com\\\/latino\\\/djcity-latino-y-loca-urban-desde-ibiza-episodio-2\\\/#primaryimage\",\"url\":\"https:\\\/\\\/news.djcity.com\\\/latino\\\/wp-content\\\/sites\\\/4\\\/DT-NEWS-flyer-DJCITY-LOCA-URBAN-ADRIAN-L.png\",\"contentUrl\":\"https:\\\/\\\/news.djcity.com\\\/latino\\\/wp-content\\\/sites\\\/4\\\/DT-NEWS-flyer-DJCITY-LOCA-URBAN-ADRIAN-L.png\",\"width\":1200,\"height\":630},{\"@type\":\"BreadcrumbList\",\"@id\":\"https:\\\/\\\/news.djcity.com\\\/latino\\\/djcity-latino-y-loca-urban-desde-ibiza-episodio-2\\\/#breadcrumb\",\"itemListElement\":[{\"@type\":\"ListItem\",\"position\":1,\"name\":\"Home\",\"item\":\"https:\\\/\\\/news.djcity.com\\\/latino\\\/\"},{\"@type\":\"ListItem\",\"position\":2,\"name\":\"DJcity Latino y Loca Urban Desde Ibiza: Episodio 2\"}]},{\"@type\":\"WebSite\",\"@id\":\"https:\\\/\\\/news.djcity.com\\\/latino\\\/#website\",\"url\":\"https:\\\/\\\/news.djcity.com\\\/latino\\\/\",\"name\":\"DJcity Latino Noticias - M\u00fasica y novedades para DJs y productores\",\"description\":\"RECORD POOL DIGITAL Y NOTICIAS PARA DJS\",\"potentialAction\":[{\"@type\":\"SearchAction\",\"target\":{\"@type\":\"EntryPoint\",\"urlTemplate\":\"https:\\\/\\\/news.djcity.com\\\/latino\\\/?s={search_term_string}\"},\"query-input\":{\"@type\":\"PropertyValueSpecification\",\"valueRequired\":true,\"valueName\":\"search_term_string\"}}],\"inLanguage\":\"es\"},{\"@type\":\"Person\",\"@id\":\"https:\\\/\\\/news.djcity.com\\\/latino\\\/#\\\/schema\\\/person\\\/5fc650d633b37d7766308dd1dc9de0d7\",\"name\":\"VLATZ\",\"image\":{\"@type\":\"ImageObject\",\"inLanguage\":\"es\",\"@id\":\"https:\\\/\\\/secure.gravatar.com\\\/avatar\\\/85dafda0a7925901caaa5d035e20919ffe9d916eec2d603fb2dd29a5a72b918c?s=96&d=mm&r=g\",\"url\":\"https:\\\/\\\/secure.gravatar.com\\\/avatar\\\/85dafda0a7925901caaa5d035e20919ffe9d916eec2d603fb2dd29a5a72b918c?s=96&d=mm&r=g\",\"contentUrl\":\"https:\\\/\\\/secure.gravatar.com\\\/avatar\\\/85dafda0a7925901caaa5d035e20919ffe9d916eec2d603fb2dd29a5a72b918c?s=96&d=mm&r=g\",\"caption\":\"VLATZ\"},\"url\":\"https:\\\/\\\/news.djcity.com\\\/latino\\\/author\\\/vlatz\\\/\"}]}<\/script>\n<!-- \/ Yoast SEO plugin. -->","yoast_head_json":{"title":"DJcity Latino y Loca Urban Desde Ibiza: Episodio 2","robots":{"index":"index","follow":"follow","max-snippet":"max-snippet:-1","max-image-preview":"max-image-preview:large","max-video-preview":"max-video-preview:-1"},"canonical":"https:\/\/news.djcity.com\/latino\/djcity-latino-y-loca-urban-desde-ibiza-episodio-2\/","og_locale":"es_ES","og_type":"article","og_title":"DJcity Latino y Loca Urban Desde Ibiza: Episodio 2","og_description":"&nbsp; Sintoniza el programa DJCITY LATINO, la plataforma de DJs m\u00e1s importante del mundo, en la emisora espa\u00f1ola de cobertura nacional LOCA URBAN. Cada Jueves, ...","og_url":"https:\/\/news.djcity.com\/latino\/djcity-latino-y-loca-urban-desde-ibiza-episodio-2\/","og_site_name":"DJcity Latino Noticias - M\u00fasica y novedades para DJs y productores","article_publisher":"https:\/\/www.facebook.com\/DJcityLatino\/","article_published_time":"2021-04-07T23:16:20+00:00","article_modified_time":"2021-04-07T23:21:56+00:00","og_image":[{"width":1200,"height":630,"url":"https:\/\/news.djcity.com\/latino\/wp-content\/sites\/4\/DT-NEWS-flyer-DJCITY-LOCA-URBAN-ADRIAN-L.png","type":"image\/png"}],"author":"VLATZ","twitter_card":"summary_large_image","twitter_creator":"@djcitylatin","twitter_site":"@djcitylatin","twitter_misc":{"Escrito por":"VLATZ","Tiempo de lectura":"1 minuto"},"schema":{"@context":"https:\/\/schema.org","@graph":[{"@type":"Article","@id":"https:\/\/news.djcity.com\/latino\/djcity-latino-y-loca-urban-desde-ibiza-episodio-2\/#article","isPartOf":{"@id":"https:\/\/news.djcity.com\/latino\/djcity-latino-y-loca-urban-desde-ibiza-episodio-2\/"},"author":{"name":"VLATZ","@id":"https:\/\/news.djcity.com\/latino\/#\/schema\/person\/5fc650d633b37d7766308dd1dc9de0d7"},"headline":"DJcity Latino y Loca Urban Desde Ibiza: Episodio 2","datePublished":"2021-04-07T23:16:20+00:00","dateModified":"2021-04-07T23:21:56+00:00","mainEntityOfPage":{"@id":"https:\/\/news.djcity.com\/latino\/djcity-latino-y-loca-urban-desde-ibiza-episodio-2\/"},"wordCount":250,"commentCount":0,"image":{"@id":"https:\/\/news.djcity.com\/latino\/djcity-latino-y-loca-urban-desde-ibiza-episodio-2\/#primaryimage"},"thumbnailUrl":"https:\/\/news.djcity.com\/latino\/wp-content\/sites\/4\/DT-NEWS-flyer-DJCITY-LOCA-URBAN-ADRIAN-L.png","keywords":["Adri\u00e1n L","Loca Urban Ibiza"],"articleSection":["Mixes"],"inLanguage":"es","potentialAction":[{"@type":"CommentAction","name":"Comment","target":["https:\/\/news.djcity.com\/latino\/djcity-latino-y-loca-urban-desde-ibiza-episodio-2\/#respond"]}]},{"@type":"WebPage","@id":"https:\/\/news.djcity.com\/latino\/djcity-latino-y-loca-urban-desde-ibiza-episodio-2\/","url":"https:\/\/news.djcity.com\/latino\/djcity-latino-y-loca-urban-desde-ibiza-episodio-2\/","name":"DJcity Latino y Loca Urban Desde Ibiza: Episodio 2","isPartOf":{"@id":"https:\/\/news.djcity.com\/latino\/#website"},"primaryImageOfPage":{"@id":"https:\/\/news.djcity.com\/latino\/djcity-latino-y-loca-urban-desde-ibiza-episodio-2\/#primaryimage"},"image":{"@id":"https:\/\/news.djcity.com\/latino\/djcity-latino-y-loca-urban-desde-ibiza-episodio-2\/#primaryimage"},"thumbnailUrl":"https:\/\/news.djcity.com\/latino\/wp-content\/sites\/4\/DT-NEWS-flyer-DJCITY-LOCA-URBAN-ADRIAN-L.png","datePublished":"2021-04-07T23:16:20+00:00","dateModified":"2021-04-07T23:21:56+00:00","author":{"@id":"https:\/\/news.djcity.com\/latino\/#\/schema\/person\/5fc650d633b37d7766308dd1dc9de0d7"},"breadcrumb":{"@id":"https:\/\/news.djcity.com\/latino\/djcity-latino-y-loca-urban-desde-ibiza-episodio-2\/#breadcrumb"},"inLanguage":"es","potentialAction":[{"@type":"ReadAction","target":["https:\/\/news.djcity.com\/latino\/djcity-latino-y-loca-urban-desde-ibiza-episodio-2\/"]}]},{"@type":"ImageObject","inLanguage":"es","@id":"https:\/\/news.djcity.com\/latino\/djcity-latino-y-loca-urban-desde-ibiza-episodio-2\/#primaryimage","url":"https:\/\/news.djcity.com\/latino\/wp-content\/sites\/4\/DT-NEWS-flyer-DJCITY-LOCA-URBAN-ADRIAN-L.png","contentUrl":"https:\/\/news.djcity.com\/latino\/wp-content\/sites\/4\/DT-NEWS-flyer-DJCITY-LOCA-URBAN-ADRIAN-L.png","width":1200,"height":630},{"@type":"BreadcrumbList","@id":"https:\/\/news.djcity.com\/latino\/djcity-latino-y-loca-urban-desde-ibiza-episodio-2\/#breadcrumb","itemListElement":[{"@type":"ListItem","position":1,"name":"Home","item":"https:\/\/news.djcity.com\/latino\/"},{"@type":"ListItem","position":2,"name":"DJcity Latino y Loca Urban Desde Ibiza: Episodio 2"}]},{"@type":"WebSite","@id":"https:\/\/news.djcity.com\/latino\/#website","url":"https:\/\/news.djcity.com\/latino\/","name":"DJcity Latino Noticias - M\u00fasica y novedades para DJs y productores","description":"RECORD POOL DIGITAL Y NOTICIAS PARA DJS","potentialAction":[{"@type":"SearchAction","target":{"@type":"EntryPoint","urlTemplate":"https:\/\/news.djcity.com\/latino\/?s={search_term_string}"},"query-input":{"@type":"PropertyValueSpecification","valueRequired":true,"valueName":"search_term_string"}}],"inLanguage":"es"},{"@type":"Person","@id":"https:\/\/news.djcity.com\/latino\/#\/schema\/person\/5fc650d633b37d7766308dd1dc9de0d7","name":"VLATZ","image":{"@type":"ImageObject","inLanguage":"es","@id":"https:\/\/secure.gravatar.com\/avatar\/85dafda0a7925901caaa5d035e20919ffe9d916eec2d603fb2dd29a5a72b918c?s=96&d=mm&r=g","url":"https:\/\/secure.gravatar.com\/avatar\/85dafda0a7925901caaa5d035e20919ffe9d916eec2d603fb2dd29a5a72b918c?s=96&d=mm&r=g","contentUrl":"https:\/\/secure.gravatar.com\/avatar\/85dafda0a7925901caaa5d035e20919ffe9d916eec2d603fb2dd29a5a72b918c?s=96&d=mm&r=g","caption":"VLATZ"},"url":"https:\/\/news.djcity.com\/latino\/author\/vlatz\/"}]}},"_links":{"self":[{"href":"https:\/\/news.djcity.com\/latino\/wp-json\/wp\/v2\/posts\/4058","targetHints":{"allow":["GET"]}}],"collection":[{"href":"https:\/\/news.djcity.com\/latino\/wp-json\/wp\/v2\/posts"}],"about":[{"href":"https:\/\/news.djcity.com\/latino\/wp-json\/wp\/v2\/types\/post"}],"author":[{"embeddable":true,"href":"https:\/\/news.djcity.com\/latino\/wp-json\/wp\/v2\/users\/34"}],"replies":[{"embeddable":true,"href":"https:\/\/news.djcity.com\/latino\/wp-json\/wp\/v2\/comments?post=4058"}],"version-history":[{"count":0,"href":"https:\/\/news.djcity.com\/latino\/wp-json\/wp\/v2\/posts\/4058\/revisions"}],"wp:featuredmedia":[{"embeddable":true,"href":"https:\/\/news.djcity.com\/latino\/wp-json\/wp\/v2\/media\/4059"}],"wp:attachment":[{"href":"https:\/\/news.djcity.com\/latino\/wp-json\/wp\/v2\/media?parent=4058"}],"wp:term":[{"taxonomy":"category","embeddable":true,"href":"https:\/\/news.djcity.com\/latino\/wp-json\/wp\/v2\/categories?post=4058"},{"taxonomy":"post_tag","embeddable":true,"href":"https:\/\/news.djcity.com\/latino\/wp-json\/wp\/v2\/tags?post=4058"}],"curies":[{"name":"wp","href":"https:\/\/api.w.org\/{rel}","templated":true}]}}